{"id":5254,"date":"2022-12-01T09:25:34","date_gmt":"2022-12-01T09:25:34","guid":{"rendered":"https:\/\/www.farm21.com\/?p=5254"},"modified":"2022-12-08T08:15:16","modified_gmt":"2022-12-08T08:15:16","slug":"qa-with-farm21s-ceo-thomas-howers","status":"publish","type":"post","link":"https:\/\/www.farm21.com\/es\/qa-con-granja21-ceo-thomas-howers\/","title":{"rendered":"El Director General de Farm21 nos ofrece un emocionante vistazo detr\u00e1s de escena."},"content":{"rendered":"<div class=\"wp-block-media-text is-stacked-on-mobile has-theme-palette-7-background-color has-background\" style=\"grid-template-columns:43% auto\"><figure class=\"wp-block-media-text__media\"><img loading=\"lazy\" decoding=\"async\" width=\"1024\" height=\"1024\" src=\"https:\/\/www.farm21.com\/wp-content\/uploads\/2022\/12\/Thomas-Houwers-1-1024x1024.jpg\" alt=\"Thomas Howers\" class=\"wp-image-5264 size-thumbnail\" title=\"\" srcset=\"https:\/\/www.farm21.com\/wp-content\/uploads\/2022\/12\/Thomas-Houwers-1-1024x1024.jpg 1024w, https:\/\/www.farm21.com\/wp-content\/uploads\/2022\/12\/Thomas-Houwers-1-300x300.jpg 300w, https:\/\/www.farm21.com\/wp-content\/uploads\/2022\/12\/Thomas-Houwers-1-150x150.jpg 150w, https:\/\/www.farm21.com\/wp-content\/uploads\/2022\/12\/Thomas-Houwers-1-768x768.jpg 768w, https:\/\/www.farm21.com\/wp-content\/uploads\/2022\/12\/Thomas-Houwers-1-12x12.jpg 12w, https:\/\/www.farm21.com\/wp-content\/uploads\/2022\/12\/Thomas-Houwers-1-465x465.jpg 465w, https:\/\/www.farm21.com\/wp-content\/uploads\/2022\/12\/Thomas-Houwers-1-100x100.jpg 100w, https:\/\/www.farm21.com\/wp-content\/uploads\/2022\/12\/Thomas-Houwers-1.jpg 1080w\" sizes=\"auto, (max-width: 1024px) 100vw, 1024px\" \/><\/figure><div class=\"wp-block-media-text__content\">\n<p>En el art\u00edculo, Thomas Houwers, cofundador y director general de Farm21, responde a 7 preguntas para ofrecernos una visi\u00f3n profunda entre bastidores de esta exitosa empresa AgTech. Sigue leyendo para conocer sus apasionantes proyectos futuros, la importancia de la agricultura de precisi\u00f3n y sus consejos m\u00e1s valiosos para las nuevas empresas.\u00a0<\/p>\n<\/div><\/div>\n\n\n\n<p>Para celebrar el sexto cumplea\u00f1os de Farm21 el mes pasado, nos tomamos un momento para reflexionar sobre las victorias, el crecimiento y los retos de los \u00faltimos a\u00f1os. Thomas Houwers, cofundador y director general, nos cuenta c\u00f3mo es trabajar en el sector de la tecnolog\u00eda agr\u00edcola y nos desvela algunas de las nuevas y emocionantes caracter\u00edsticas de sus productos. Tambi\u00e9n comparte lo que ha aprendido y da valiosos consejos para las empresas de nueva creaci\u00f3n:\u00a0<\/p>\n\n\n\n<h2 class=\"has-text-align-left has-large-font-size wp-block-heading\"><strong><strong>\u00bfQu\u00e9 es lo que m\u00e1s te entusiasma del trabajo que t\u00fa y el equipo est\u00e1is haciendo en Farm21?<\/strong><\/strong><\/h2>\n\n\n\n<p>La diversidad es lo que m\u00e1s me entusiasma de trabajar en Farm21. Tanto dentro del trabajo como en nuestro equipo. Cada d\u00eda es diferente para m\u00ed: desde la contrataci\u00f3n de nuevos miembros del equipo hasta la estrategia y las finanzas. Toco muchos temas, as\u00ed que mi trabajo nunca es aburrido. Cada nuevo reto lo veo como una oportunidad de aprender; enigmas que no todo el mundo tiene la oportunidad de resolver. Y cada decisi\u00f3n que tomamos repercute de alguna manera en el impacto que causamos.<\/p>\n\n\n\n<p>En nuestro equipo de (actualmente) 24 personas, tenemos 15 nacionalidades diferentes. Esto aporta muchas perspectivas y experiencias diferentes. Y, sin embargo, a pesar de estas diferencias, todos compartimos valores comunes y trabajamos juntos para alcanzar nuestros objetivos.<\/p>\n\n\n\n<figure class=\"wp-block-image size-large\"><img loading=\"lazy\" decoding=\"async\" width=\"1024\" height=\"768\" src=\"https:\/\/www.farm21.com\/wp-content\/uploads\/2022\/12\/good-one-1-1024x768.jpg\" alt=\"\" class=\"wp-image-5273\" title=\"\" srcset=\"https:\/\/www.farm21.com\/wp-content\/uploads\/2022\/12\/good-one-1-1024x768.jpg 1024w, https:\/\/www.farm21.com\/wp-content\/uploads\/2022\/12\/good-one-1-300x225.jpg 300w, https:\/\/www.farm21.com\/wp-content\/uploads\/2022\/12\/good-one-1-768x576.jpg 768w, https:\/\/www.farm21.com\/wp-content\/uploads\/2022\/12\/good-one-1-1536x1152.jpg 1536w, https:\/\/www.farm21.com\/wp-content\/uploads\/2022\/12\/good-one-1-2048x1536.jpg 2048w, https:\/\/www.farm21.com\/wp-content\/uploads\/2022\/12\/good-one-1-16x12.jpg 16w\" sizes=\"auto, (max-width: 1024px) 100vw, 1024px\" \/><figcaption class=\"wp-element-caption\">Jornada de estrategia del 4\u00ba trimestre del equipo Farm21 2022<\/figcaption><\/figure>\n\n\n\n<h2 class=\"has-text-align-left has-large-font-size wp-block-heading\"><strong><strong><strong>\u00bfPor qu\u00e9 crees que es importante la agricultura de precisi\u00f3n, sobre todo teniendo en cuenta la situaci\u00f3n clim\u00e1tica actual?<\/strong><\/strong><\/strong><\/h2>\n\n\n\n<p>La industria alimentaria se enfrenta a 3 grandes problemas. En primer lugar, debemos producir m\u00e1s alimentos para alimentar a una poblaci\u00f3n mundial en constante crecimiento. En segundo lugar, los suelos est\u00e1n muriendo a causa de la degradaci\u00f3n y las pr\u00e1cticas insostenibles, y en tercer lugar, la agricultura intensiva contamina el medio ambiente.<\/p>\n\n\n\n<p>Para hacer frente a estos problemas, los agricultores tienen que empezar a gestionar sus explotaciones de forma sostenible y con una eficacia muy superior. Necesitan aplicar sus recursos exactamente donde se necesitan, en el momento adecuado y en la cantidad correcta. Esto requiere que los agricultores tengan un conocimiento muy detallado de lo que ocurre en cada cent\u00edmetro cuadrado de sus campos.<\/p>\n\n\n\n<p>El uso de datos y la agricultura de precisi\u00f3n proporcionan la soluci\u00f3n. Proporciona a los agricultores \"ojos en el campo\" en todo momento. Les permite controlar sus explotaciones con el nivel de precisi\u00f3n necesario y aplicar los recursos de que disponen con la mayor eficacia posible.<\/p>\n\n\n\n<h2 class=\"has-text-align-left has-large-font-size wp-block-heading\"><strong><strong><strong><strong>\u00bfDe qu\u00e9 logro de Farm21 est\u00e1s m\u00e1s orgulloso desde que creaste la empresa?<\/strong><\/strong><\/strong><\/strong><\/h2>\n\n\n\n<p>Estoy orgulloso de que en los primeros a\u00f1os lleg\u00e1ramos muy lejos con un equipo peque\u00f1o. Con s\u00f3lo un pu\u00f1ado de personas, desarrollamos nuestro hardware, construimos nuestra plataforma, vendimos los primeros 4000 sensores y conseguimos una inversi\u00f3n.<\/p>\n\n\n\n<p>Hoy en d\u00eda, tambi\u00e9n estoy muy orgulloso del gran equipo que hemos sido capaces de crear. Somos una mezcla de muchas nacionalidades, pero todos con el mismo objetivo: hacer que la agricultura sea sostenible, para que podamos seguir alimentando al mundo. Hemos aumentado nuestra profesionalidad y nuestro rendimiento.<\/p>\n\n\n\n<h2 class=\"has-text-align-left has-large-font-size wp-block-heading\"><strong><strong><strong><strong><strong>\u00bfD\u00f3nde\/c\u00f3mo ves el Farm21 dentro de 5 a\u00f1os?<\/strong>?<\/strong><\/strong><\/strong><\/strong><\/h2>\n\n\n\n<p>En 5 a\u00f1os, somos la empresa l\u00edder en asesoramiento agr\u00edcola inteligente. Estamos presentes en pa\u00edses de todos los continentes y ofrecemos a los agricultores asesoramiento preciso y pr\u00e1ctico sobre numerosos temas.<\/p>\n\n\n\n<p>Nuestra plataforma est\u00e1 cada vez m\u00e1s disponible para todos los agricultores del mundo. Es posible que ya trabajemos en soluciones adecuadas para el mercado de los peque\u00f1os agricultores.<\/p>\n\n\n\n<h2 class=\"has-text-align-left has-large-font-size wp-block-heading\"><strong>\u00bfCu\u00e1les son los valores fundamentales que est\u00e1n en el coraz\u00f3n de Farm21?<\/strong><\/h2>\n\n\n\n<p>Valoramos la innovaci\u00f3n, hacemos experimentos, aprendemos e iteramos a menudo. Cometer errores forma parte del proceso, pero asumimos la responsabilidad de solucionarlos lo antes posible.<\/p>\n\n\n\n<p>Nos ayudamos mutuamente, compartimos conocimientos y respetamos las opiniones de los dem\u00e1s. Nuestros distintos or\u00edgenes nos dan perspectivas diferentes sobre nuestros productos, el trabajo conjunto y la vida en general.<\/p>\n\n\n\n<h2 class=\"has-text-align-left has-large-font-size wp-block-heading\"><strong><strong><strong><strong><strong><strong>\u00bfExisten proyectos pipeline interesantes que los usuarios puedan esperar?<\/strong><\/strong><\/strong><\/strong><\/strong><\/strong><\/h2>\n\n\n\n<p>Actualmente estamos trabajando en unas interesantes evaluaciones del riesgo de agua\/riego. La funci\u00f3n proporcionar\u00e1 a los usuarios una puntuaci\u00f3n de riesgo de agua actual y futura. (Puedes obtener m\u00e1s informaci\u00f3n en nuestra <a href=\"https:\/\/www.farm21.com\/es\/herramientas-y-consejos-para-la-gestion-del-agua\/\" target=\"_blank\" rel=\"noreferrer noopener\">gesti\u00f3n del agua entrada del blog<\/a>.<\/p>\n\n\n\n<p>Despu\u00e9s de esta funci\u00f3n, trabajaremos en puntuaciones de riesgo adicionales sobre diversos temas. Te sugiero que est\u00e9s atento a nuestro <a href=\"https:\/\/instagram.com\/farmtwentyone?igshid=YmMyMTA2M2Y=\" data-type=\"URL\" data-id=\"https:\/\/instagram.com\/farmtwentyone?igshid=YmMyMTA2M2Y=\" target=\"_blank\" rel=\"noreferrer noopener\">redes sociales <\/a>para futuras actualizaciones.<\/p>\n\n\n\n<h2 class=\"has-text-align-left has-large-font-size wp-block-heading\"><strong>\u00bfTienes alg\u00fan consejo para las nuevas empresas AgTech?<\/strong><\/h2>\n\n\n\n<p>Prep\u00e1rate para la estacionalidad en los ciclos de ventas de tu start-up. Especialmente en la fase inicial, cuando a\u00fan tienes presencia en el mercado local, la estaci\u00f3n determina en gran medida los vol\u00famenes de ventas.<\/p>\n\n\n\n<p>En segundo lugar, mu\u00e9strate abierto a las colaboraciones y a compartir datos. En nuestra opini\u00f3n, los datos adquieren m\u00e1s valor si se comparten y combinan con otras fuentes de datos. El sector se beneficiar\u00eda en su conjunto si las empresas trabajaran menos en sus propias islas.<\/p>\n\n\n\n<figure class=\"wp-block-image size-large\"><img loading=\"lazy\" decoding=\"async\" width=\"1024\" height=\"768\" src=\"https:\/\/www.farm21.com\/wp-content\/uploads\/2022\/09\/Image-from-iOS-3-1024x768.jpg\" alt=\"El equipo de Farm21\" class=\"wp-image-4386\" title=\"\" srcset=\"https:\/\/www.farm21.com\/wp-content\/uploads\/2022\/09\/Image-from-iOS-3-1024x768.jpg 1024w, https:\/\/www.farm21.com\/wp-content\/uploads\/2022\/09\/Image-from-iOS-3-300x225.jpg 300w, https:\/\/www.farm21.com\/wp-content\/uploads\/2022\/09\/Image-from-iOS-3-768x576.jpg 768w, https:\/\/www.farm21.com\/wp-content\/uploads\/2022\/09\/Image-from-iOS-3-1536x1152.jpg 1536w, https:\/\/www.farm21.com\/wp-content\/uploads\/2022\/09\/Image-from-iOS-3-2048x1536.jpg 2048w, https:\/\/www.farm21.com\/wp-content\/uploads\/2022\/09\/Image-from-iOS-3-16x12.jpg 16w\" sizes=\"auto, (max-width: 1024px) 100vw, 1024px\" \/><\/figure>\n\n\n\n<p>El espacio Ag Tech, adem\u00e1s de ser incre\u00edblemente apasionante, es tambi\u00e9n una de las industrias m\u00e1s importantes para el futuro. Nuestro objetivo es hacer una contribuci\u00f3n significativa. Por eso, en Farm21 hacemos todo lo posible por crear una oferta de productos que resuelva problemas y aporte un valor real a todos nuestros clientes.&nbsp;<\/p>\n\n\n\n<p>Si tienes alguna pregunta sobre nuestro producto o sobre lo que podemos hacer por tu negocio, \u00a1no dudes en ponerte en contacto con nosotros! <\/p>\n\n\n<style>.wp-block-kadence-advancedbtn.kb-btns_f69567-f3{gap:var(--global-kb-gap-xs, 0.5rem );justify-content:flex-start;align-items:center;}.kt-btns_f69567-f3 .kt-button{font-weight:normal;font-style:normal;}.kt-btns_f69567-f3 .kt-btn-wrap-0{margin-right:5px;}.wp-block-kadence-advancedbtn.kt-btns_f69567-f3 .kt-btn-wrap-0 .kt-button::before{display:none;}<\/style>\n<div class=\"wp-block-kadence-advancedbtn kt-btn-align-left kt-btn-tablet-align-inherit kt-btn-mobile-align-inherit kt-btns-wrap kt-btns_f69567-f3\"><div class=\"kt-btn-wrap kt-btn-wrap-0\"><a class=\"kt-button button kt-btn-0-action kt-btn-size-standard kt-btn-style-basic kt-btn-svg-show-always kt-btn-has-text-true kt-btn-has-svg-false kb-btn-global-inherit wp-block-button__link\" href=\"#\"><span class=\"kt-btn-inner-text\">ponte en contacto con nosotros<\/span><\/a><\/div><\/div>","protected":false},"excerpt":{"rendered":"<p>En el art\u00edculo, Thomas Houwers, cofundador y director general de Farm21, responde a 7 preguntas para ofrecernos una...<\/p>","protected":false},"author":5,"featured_media":5264,"comment_status":"closed","ping_status":"open","sticky":false,"template":"","format":"standard","meta":{"content-type":"","inline_featured_image":false,"_kad_blocks_custom_css":"","_kad_blocks_head_custom_js":"","_kad_blocks_body_custom_js":"","_kad_blocks_footer_custom_js":"","_kadence_starter_templates_imported_post":false,"_kad_post_transparent":"","_kad_post_title":"","_kad_post_layout":"","_kad_post_sidebar_id":"","_kad_post_content_style":"","_kad_post_vertical_padding":"","_kad_post_feature":"","_kad_post_feature_position":"","_kad_post_header":false,"_kad_post_footer":false,"_kad_post_classname":"","_jetpack_memberships_contains_paid_content":false,"footnotes":""},"categories":[1,51,50],"tags":[],"class_list":["post-5254","post","type-post","status-publish","format-standard","has-post-thumbnail","hentry","category-blog","category-company","category-farm21"],"taxonomy_info":{"category":[{"value":1,"label":"Blog"},{"value":51,"label":"Company"},{"value":50,"label":"Farm21"}]},"featured_image_src_large":["https:\/\/www.farm21.com\/wp-content\/uploads\/2022\/12\/Thomas-Houwers-1-1024x1024.jpg",1024,1024,true],"author_info":{"display_name":"Dana Gelerter","author_link":"https:\/\/www.farm21.com\/es\/author\/dana-gelerter\/"},"comment_info":0,"category_info":[{"term_id":1,"name":"Blog","slug":"blog","term_group":0,"term_taxonomy_id":1,"taxonomy":"category","description":"Resources you can use to predict and manage day-to-day farming in the most efficient, sustainable and cost-effective way.","parent":0,"count":26,"filter":"raw","cat_ID":1,"category_count":26,"category_description":"Resources you can use to predict and manage day-to-day farming in the most efficient, sustainable and cost-effective way.","cat_name":"Blog","category_nicename":"blog","category_parent":0},{"term_id":51,"name":"Company","slug":"company","term_group":0,"term_taxonomy_id":51,"taxonomy":"category","description":"","parent":0,"count":1,"filter":"raw","cat_ID":51,"category_count":1,"category_description":"","cat_name":"Company","category_nicename":"company","category_parent":0},{"term_id":50,"name":"Farm21","slug":"farm21","term_group":0,"term_taxonomy_id":50,"taxonomy":"category","description":"","parent":0,"count":7,"filter":"raw","cat_ID":50,"category_count":7,"category_description":"","cat_name":"Farm21","category_nicename":"farm21","category_parent":0}],"tag_info":false,"jetpack_featured_media_url":"https:\/\/www.farm21.com\/wp-content\/uploads\/2022\/12\/Thomas-Houwers-1.jpg","jetpack_sharing_enabled":true,"acf":[],"_links":{"self":[{"href":"https:\/\/www.farm21.com\/es\/wp-json\/wp\/v2\/posts\/5254","targetHints":{"allow":["GET"]}}],"collection":[{"href":"https:\/\/www.farm21.com\/es\/wp-json\/wp\/v2\/posts"}],"about":[{"href":"https:\/\/www.farm21.com\/es\/wp-json\/wp\/v2\/types\/post"}],"author":[{"embeddable":true,"href":"https:\/\/www.farm21.com\/es\/wp-json\/wp\/v2\/users\/5"}],"replies":[{"embeddable":true,"href":"https:\/\/www.farm21.com\/es\/wp-json\/wp\/v2\/comments?post=5254"}],"version-history":[{"count":0,"href":"https:\/\/www.farm21.com\/es\/wp-json\/wp\/v2\/posts\/5254\/revisions"}],"wp:featuredmedia":[{"embeddable":true,"href":"https:\/\/www.farm21.com\/es\/wp-json\/wp\/v2\/media\/5264"}],"wp:attachment":[{"href":"https:\/\/www.farm21.com\/es\/wp-json\/wp\/v2\/media?parent=5254"}],"wp:term":[{"taxonomy":"category","embeddable":true,"href":"https:\/\/www.farm21.com\/es\/wp-json\/wp\/v2\/categories?post=5254"},{"taxonomy":"post_tag","embeddable":true,"href":"https:\/\/www.farm21.com\/es\/wp-json\/wp\/v2\/tags?post=5254"}],"curies":[{"name":"wp","href":"https:\/\/api.w.org\/{rel}","templated":true}]}}